{"id":11350,"date":"2024-07-03T12:50:50","date_gmt":"2024-07-03T10:50:50","guid":{"rendered":"https:\/\/feuerwehr-weissenfels.de\/?p=11350"},"modified":"2025-01-15T20:00:35","modified_gmt":"2025-01-15T18:00:35","slug":"weissenfelser-feuerwehr-trauert-um-verunglueckten-kameraden","status":"publish","type":"post","link":"https:\/\/feuerwehr-weissenfels.de\/?p=11350","title":{"rendered":"Wei\u00dfenfelser Feuerwehr trauert um verungl\u00fcckten Kameraden"},"content":{"rendered":"\n<figure class=\"wp-block-image size-large\"><a href=\"https:\/\/feuerwehr-weissenfels.de\/wp-content\/uploads\/2024\/07\/IMG_5248.jpeg\"><img decoding=\"async\" loading=\"lazy\" width=\"838\" height=\"1024\" src=\"https:\/\/feuerwehr-weissenfels.de\/wp-content\/uploads\/2024\/07\/IMG_5248-838x1024.jpeg\" alt=\"\" class=\"wp-image-11351\" srcset=\"https:\/\/feuerwehr-weissenfels.de\/wp-content\/uploads\/2024\/07\/IMG_5248-838x1024.jpeg 838w, https:\/\/feuerwehr-weissenfels.de\/wp-content\/uploads\/2024\/07\/IMG_5248-246x300.jpeg 246w, https:\/\/feuerwehr-weissenfels.de\/wp-content\/uploads\/2024\/07\/IMG_5248-768x938.jpeg 768w, https:\/\/feuerwehr-weissenfels.de\/wp-content\/uploads\/2024\/07\/IMG_5248.jpeg 1179w\" sizes=\"(max-width: 838px) 100vw, 838px\" \/><\/a><\/figure>\n\n\n\n<p><strong>Oberb\u00fcrgermeister Martin Papke spricht Beileid aus<\/strong><\/p>\n\n\n\n<p>Ein Wei\u00dfenfelser Feuerwehrkamerad geh\u00f6rt zu den Verungl\u00fcckten des tragischen Autounfalls, der sich in der Nacht zum Montag in der N\u00e4he von Naumburg ereignet hat. Der 21-J\u00e4hrige war ehrenamtlich in der Ortsfeuerwehr Lei\u00dfling im Einsatz. \u201eDie Nachricht des Unfalls war ein Schock, insbesondere aufgrund des jungen Alters der Betroffenen. Besonders ersch\u00fcttert hat mich dann die Information, dass es einen jungen, engagierten Kameraden aus unseren eigenen Reihen getroffen hat\u201c, sagte der Wei\u00dfenfelser Stadtwehrleiter Sebastian Busch. Er war es auch, der die schreckliche Nachricht an Oberb\u00fcrgermeister Martin Papke \u00fcbermittelte, welcher sich derzeit im Urlaub befindet. \u201eMit gro\u00dfer Best\u00fcrzung habe ich von dem Ungl\u00fcck erfahren\u201c, sagte Martin Papke. \u201eIn diesen schweren Stunden m\u00f6chte ich im Namen der Stadt mein aufrichtiges Beileid und tiefes Mitgef\u00fchl ausdr\u00fccken. Meine Gedanken sind bei den Familien und Freunden aller Verstorbenen. Meine Anteilnahme gilt zudem unseren Kameradinnen und Kameraden der Wei\u00dfenfelser Feuerwehr. Den \u00fcberlebenden Insassen w\u00fcnsche ich eine baldige Genesung und viel Kraft f\u00fcr die folgende Zeit\u201c, sagte das Stadtoberhaupt.<\/p>\n\n\n\n<p>Die Gemeinde des Kirchspiels Sch\u00f6nburg-Possenhain hat aus gegebenem Anlass am 3. Juli 2024, um 18 Uhr zu einer Trauerandacht in die Kirche Sch\u00f6nburg eingeladen. Oberb\u00fcrgermeister Martin Papke wird an der Veranstaltung teilnehmen.<\/p>\n\n\n\n<p><strong>Hilfe f\u00fcr Trauernde<\/strong><\/p>\n\n\n\n<p>F\u00fcr Situationen, in denen von jetzt auf gleich das Leben aus den Fugen ger\u00e4t, gibt es in Wei\u00dfenfels professionell ausgebildete Menschen, die Trauernden beistehen und Halt geben. Sie sind da, h\u00f6ren zu und nehmen sich auch die Zeit zum gemeinsamen Schweigen. Sie geben den Menschen in Ausnahmesituationen Halt, Orientierung und Sicherheit. Diese wichtige Aufgabe \u00fcbernehmen:<\/p>\n\n\n\n<p><strong>Wei\u00dfenfelser Notfallseelsorge<\/strong><br>Mobil: 0174 4685027<br>E-Mail: notfallseelsorge.weissenfels@kk-mer.de<\/p>\n\n\n\n<p><strong>Malteser Hilfsdienst e.V., Trauerbegleitungsdienst<\/strong><br>Am Klemmberg 2<br>Telefon: 03443 2379564<br>Mobil: 0160 34 33 969<br>E-Mail: hospizdienst-burgenlandkreis@malteser.org<\/p>\n\n\n\n<p><strong>Citypastoral in Wei\u00dfenfels, Seelsorge und Trauerbegleitung<\/strong><br>J\u00fcdenstra\u00dfe 28<br>Telefon: 03443 2381277<\/p>\n\n\n\n<p><strong>Katholische Pfarrei St. Elisabeth zu Wei\u00dfenfels, Seelsorge<\/strong><br>Friedrichsstra\u00dfe 15<br>Telefon: 03443 347011<\/p>\n\n\n\n<p><strong>Evangelische Kirche in Mitteldeutschland, Pfarrbereich Wei\u00dfenfels<\/strong><br>Marienkirchgasse 3<br>Telefon: 03443 302082<br>E-Mail: pfarramt-weissenfels@kk-mer.de<\/p>\n\n\n\n<p><strong>Telefonseelsorge<\/strong><br>kostenlos rund um die Uhr<br>0800 111 0 111<br>0800 111 0 222<\/p>\n\n\n\n<h1 class=\"wp-block-heading\"><\/h1>\n","protected":false},"excerpt":{"rendered":"<p>Oberb\u00fcrgermeister Martin Papke spricht Beileid aus Ein Wei\u00dfenfelser Feuerwehrkamerad geh\u00f6rt zu den Verungl\u00fcckten des tragischen Autounfalls, der sich in der &hellip; <span class=\"more-button\"><a href=\"https:\/\/feuerwehr-weissenfels.de\/?p=11350\" class=\"more-link\">Continue Reading<span class=\"screen-reader-text\">Wei\u00dfenfelser Feuerwehr trauert um verungl\u00fcckten Kameraden<\/span><\/a><\/span><\/p>\n","protected":false},"author":3,"featured_media":11351,"comment_status":"open","ping_status":"open","sticky":false,"template":"","format":"standard","meta":[],"categories":[1],"tags":[],"_links":{"self":[{"href":"https:\/\/feuerwehr-weissenfels.de\/index.php?rest_route=\/wp\/v2\/posts\/11350"}],"collection":[{"href":"https:\/\/feuerwehr-weissenfels.de\/index.php?rest_route=\/wp\/v2\/posts"}],"about":[{"href":"https:\/\/feuerwehr-weissenfels.de\/index.php?rest_route=\/wp\/v2\/types\/post"}],"author":[{"embeddable":true,"href":"https:\/\/feuerwehr-weissenfels.de\/index.php?rest_route=\/wp\/v2\/users\/3"}],"replies":[{"embeddable":true,"href":"https:\/\/feuerwehr-weissenfels.de\/index.php?rest_route=%2Fwp%2Fv2%2Fcomments&post=11350"}],"version-history":[{"count":2,"href":"https:\/\/feuerwehr-weissenfels.de\/index.php?rest_route=\/wp\/v2\/posts\/11350\/revisions"}],"predecessor-version":[{"id":11353,"href":"https:\/\/feuerwehr-weissenfels.de\/index.php?rest_route=\/wp\/v2\/posts\/11350\/revisions\/11353"}],"wp:featuredmedia":[{"embeddable":true,"href":"https:\/\/feuerwehr-weissenfels.de\/index.php?rest_route=\/wp\/v2\/media\/11351"}],"wp:attachment":[{"href":"https:\/\/feuerwehr-weissenfels.de\/index.php?rest_route=%2Fwp%2Fv2%2Fmedia&parent=11350"}],"wp:term":[{"taxonomy":"category","embeddable":true,"href":"https:\/\/feuerwehr-weissenfels.de\/index.php?rest_route=%2Fwp%2Fv2%2Fcategories&post=11350"},{"taxonomy":"post_tag","embeddable":true,"href":"https:\/\/feuerwehr-weissenfels.de\/index.php?rest_route=%2Fwp%2Fv2%2Ftags&post=11350"}],"curies":[{"name":"wp","href":"https:\/\/api.w.org\/{rel}","templated":true}]}}