{"id":11511,"date":"2025-06-24T09:11:43","date_gmt":"2025-06-24T07:11:43","guid":{"rendered":"https:\/\/feuerwehr-weissenfels.de\/?p=11511"},"modified":"2025-06-24T09:12:35","modified_gmt":"2025-06-24T07:12:35","slug":"verkauf-einsatzfahrzeug","status":"publish","type":"post","link":"https:\/\/feuerwehr-weissenfels.de\/?p=11511","title":{"rendered":"Verkauf Einsatzfahrzeug"},"content":{"rendered":"\n<p>Die Stadt Wei\u00dfenfels verkauft ab sofort ein Mannschaftstransportfahrzeug aus dem Bestand einer Ortfeuerwehr der Stadt Wei\u00dfenfels.&nbsp;<\/p>\n\n\n\n<p>Folgende Informationen sind bekannt:<\/p>\n\n\n\n<p>\u2022 Fahrgestell:&nbsp;Volkswagen, T4 Kombi<\/p>\n\n\n\n<p>\u2022 EZ: 21.07.2009<\/p>\n\n\n\n<p>\u2022 KM-Stand: 117.240km<\/p>\n\n\n\n<p>\u2022 AU\/ HU: September 2025<\/p>\n\n\n\n<p>\u2022 Antrieb: Turbodieselmotor&nbsp;mit 75kW (102PS), Frontantrieb, 4-Gangautomatikgetriebe<\/p>\n\n\n\n<p>\u2022 Sitzpl\u00e4tze: 9 inkl. Fahrersitz<\/p>\n\n\n\n<p>\u2022 Ausstattung: Klimaanlage, Anh\u00e4ngerkupplung, Schiebet\u00fcr rechts, Nebelscheinwerfer, 6x Fenster<\/p>\n\n\n\n<p>\u2022 Sonstiges: Gebrauchsspuren<\/p>\n\n\n\n<p>Die Sondersignalanlage ist f\u00fcr den privaten Gebrauch des Fahrzeuges abzudecken oder zu deinstallieren.<\/p>\n\n\n\n<p>Das Fahrzeug&nbsp;kann sofort besichtigt werden.<\/p>\n\n\n\n<p>Vorher ist zwingend ein Termin\u00a0unter 03443\/302533 zu vereinbaren.<\/p>\n\n\n\n<p>Das Mindestgebot betr\u00e4gt 6.500 Euro. Der Meistbietende erh\u00e4lt den Zuschlag.<\/p>\n\n\n\n<p>Die Gebote sind schriftlich per Mail (an <a href=\"mailto:brandschutz@weissenfels.de\">brandschutz@weissenfels.de<\/a>) oder postalisch&nbsp;<\/p>\n\n\n\n<p><br>Feuerwehr Wei\u00dfenfels<\/p>\n\n\n\n<p>Verkauf MTW<\/p>\n\n\n\n<p>Leopold-Kell-Str. 14<\/p>\n\n\n\n<p>06667 Wei\u00dfenfels<\/p>\n\n\n\n<p>bis zum&nbsp;<\/p>\n\n\n\n<p><strong>31.07.2025 um 12 Uhr <\/strong><\/p>\n\n\n\n<p>abzugeben. Geben Sie dazu Ihre Adresse und Telefonnummer bitte an.&nbsp;Sp\u00e4ter abgegebene Gebote k\u00f6nnen nicht ber\u00fccksichtigt werden.<\/p>\n\n\n\n<figure class=\"wp-block-gallery has-nested-images columns-default is-cropped wp-block-gallery-1 is-layout-flex\">\n<figure class=\"wp-block-image size-large\"><a href=\"https:\/\/feuerwehr-weissenfels.de\/wp-content\/uploads\/2025\/06\/IMG_9634.jpeg\"><img decoding=\"async\" loading=\"lazy\" width=\"1024\" height=\"775\" data-id=\"11513\"  src=\"https:\/\/feuerwehr-weissenfels.de\/wp-content\/uploads\/2025\/06\/IMG_9634-1024x775.jpeg\" alt=\"\" class=\"wp-image-11513\" srcset=\"https:\/\/feuerwehr-weissenfels.de\/wp-content\/uploads\/2025\/06\/IMG_9634-1024x775.jpeg 1024w, https:\/\/feuerwehr-weissenfels.de\/wp-content\/uploads\/2025\/06\/IMG_9634-300x227.jpeg 300w, https:\/\/feuerwehr-weissenfels.de\/wp-content\/uploads\/2025\/06\/IMG_9634-768x581.jpeg 768w, https:\/\/feuerwehr-weissenfels.de\/wp-content\/uploads\/2025\/06\/IMG_9634.jpeg 1050w\" sizes=\"(max-width: 1024px) 100vw, 1024px\" \/><\/a><\/figure>\n\n\n\n<figure class=\"wp-block-image size-large\"><a href=\"https:\/\/feuerwehr-weissenfels.de\/wp-content\/uploads\/2025\/06\/IMG_9635.jpeg\"><img decoding=\"async\" loading=\"lazy\" width=\"1024\" height=\"760\" data-id=\"11514\"  src=\"https:\/\/feuerwehr-weissenfels.de\/wp-content\/uploads\/2025\/06\/IMG_9635-1024x760.jpeg\" alt=\"\" class=\"wp-image-11514\" srcset=\"https:\/\/feuerwehr-weissenfels.de\/wp-content\/uploads\/2025\/06\/IMG_9635-1024x760.jpeg 1024w, https:\/\/feuerwehr-weissenfels.de\/wp-content\/uploads\/2025\/06\/IMG_9635-300x223.jpeg 300w, https:\/\/feuerwehr-weissenfels.de\/wp-content\/uploads\/2025\/06\/IMG_9635-768x570.jpeg 768w, https:\/\/feuerwehr-weissenfels.de\/wp-content\/uploads\/2025\/06\/IMG_9635.jpeg 1041w\" sizes=\"(max-width: 1024px) 100vw, 1024px\" \/><\/a><\/figure>\n\n\n\n<figure class=\"wp-block-image size-large\"><a href=\"https:\/\/feuerwehr-weissenfels.de\/wp-content\/uploads\/2025\/06\/IMG_9636.jpeg\"><img decoding=\"async\" loading=\"lazy\" width=\"758\" height=\"1024\" data-id=\"11512\"  src=\"https:\/\/feuerwehr-weissenfels.de\/wp-content\/uploads\/2025\/06\/IMG_9636-758x1024.jpeg\" alt=\"\" class=\"wp-image-11512\" srcset=\"https:\/\/feuerwehr-weissenfels.de\/wp-content\/uploads\/2025\/06\/IMG_9636-758x1024.jpeg 758w, https:\/\/feuerwehr-weissenfels.de\/wp-content\/uploads\/2025\/06\/IMG_9636-222x300.jpeg 222w, https:\/\/feuerwehr-weissenfels.de\/wp-content\/uploads\/2025\/06\/IMG_9636-768x1038.jpeg 768w, https:\/\/feuerwehr-weissenfels.de\/wp-content\/uploads\/2025\/06\/IMG_9636.jpeg 923w\" sizes=\"(max-width: 758px) 100vw, 758px\" \/><\/a><\/figure>\n<\/figure>\n","protected":false},"excerpt":{"rendered":"<p>Die Stadt Wei\u00dfenfels verkauft ab sofort ein Mannschaftstransportfahrzeug aus dem Bestand einer Ortfeuerwehr der Stadt Wei\u00dfenfels.&nbsp; Folgende Informationen sind bekannt: &hellip; <span class=\"more-button\"><a href=\"https:\/\/feuerwehr-weissenfels.de\/?p=11511\" class=\"more-link\">Continue Reading<span class=\"screen-reader-text\">Verkauf Einsatzfahrzeug<\/span><\/a><\/span><\/p>\n","protected":false},"author":3,"featured_media":11513,"comment_status":"open","ping_status":"open","sticky":false,"template":"","format":"standard","meta":[],"categories":[1],"tags":[],"_links":{"self":[{"href":"https:\/\/feuerwehr-weissenfels.de\/index.php?rest_route=\/wp\/v2\/posts\/11511"}],"collection":[{"href":"https:\/\/feuerwehr-weissenfels.de\/index.php?rest_route=\/wp\/v2\/posts"}],"about":[{"href":"https:\/\/feuerwehr-weissenfels.de\/index.php?rest_route=\/wp\/v2\/types\/post"}],"author":[{"embeddable":true,"href":"https:\/\/feuerwehr-weissenfels.de\/index.php?rest_route=\/wp\/v2\/users\/3"}],"replies":[{"embeddable":true,"href":"https:\/\/feuerwehr-weissenfels.de\/index.php?rest_route=%2Fwp%2Fv2%2Fcomments&post=11511"}],"version-history":[{"count":2,"href":"https:\/\/feuerwehr-weissenfels.de\/index.php?rest_route=\/wp\/v2\/posts\/11511\/revisions"}],"predecessor-version":[{"id":11516,"href":"https:\/\/feuerwehr-weissenfels.de\/index.php?rest_route=\/wp\/v2\/posts\/11511\/revisions\/11516"}],"wp:featuredmedia":[{"embeddable":true,"href":"https:\/\/feuerwehr-weissenfels.de\/index.php?rest_route=\/wp\/v2\/media\/11513"}],"wp:attachment":[{"href":"https:\/\/feuerwehr-weissenfels.de\/index.php?rest_route=%2Fwp%2Fv2%2Fmedia&parent=11511"}],"wp:term":[{"taxonomy":"category","embeddable":true,"href":"https:\/\/feuerwehr-weissenfels.de\/index.php?rest_route=%2Fwp%2Fv2%2Fcategories&post=11511"},{"taxonomy":"post_tag","embeddable":true,"href":"https:\/\/feuerwehr-weissenfels.de\/index.php?rest_route=%2Fwp%2Fv2%2Ftags&post=11511"}],"curies":[{"name":"wp","href":"https:\/\/api.w.org\/{rel}","templated":true}]}}