{"id":8698,"date":"2019-06-09T09:57:35","date_gmt":"2019-06-09T07:57:35","guid":{"rendered":"http:\/\/feuerwehr-weissenfels.de\/?p=8698"},"modified":"2019-07-09T15:35:36","modified_gmt":"2019-07-09T13:35:36","slug":"eine-huepfburg-fuer-die-weissenfelser-feuerwehr","status":"publish","type":"post","link":"https:\/\/feuerwehr-weissenfels.de\/?p=8698","title":{"rendered":"Eine H\u00fcpfburg f\u00fcr die Wei\u00dfenfelser Feuerwehr"},"content":{"rendered":"<p style=\"text-align: justify;\">Im Rahmen des Kinderfestes wurde am 3. Juni 2019 eine H\u00fcpfburg an die Freiwillige Feuerwehr Wei\u00dfenfels \u00fcberreicht. Dank der Unterst\u00fctzung von 27 Sponsoren ist es der die Firma <a href=\"https:\/\/www.promobil-werbung.de\/\" target=\"_blank\" rel=\"noopener\">proMobil GmbH<\/a> Neustadt gelungen, die H\u00fcpfburg komplett \u00fcber Werbung zu finanzieren.<\/p>\n<p style=\"text-align: justify;\">Die H\u00fcpfburg ist kompakt in einem Anh\u00e4nger verstaut. Sie steht allen Ortsfeuerwehren und hier insbesondere den Kinder- und Jugendfeuerwehren zum Ausleihen zur Verf\u00fcgung, um die Nachwuchsgewinnung zu f\u00f6rdern. Auch Kitas, Schulen und gemeinn\u00fctzige Vereine der Stadt Wei\u00dfenfels k\u00f6nnen das Angebot f\u00fcr Kinderfeste, Tage der offenen T\u00fcr und andere Veranstaltungen nutzen. Auf Anfrage sind weitere Einsatzm\u00f6glichkeiten denkbar. Wer die H\u00fcpfburg ausleihen m\u00f6chte, meldet sich bei der Feuerwehr Wei\u00dfenfels (Telefon: 03443\/302533, E-Mail: <a href=\"brandschutz@weissenfels.de\">brandschutz@weissenfels.de<\/a>).<\/p>\n<p style=\"text-align: justify;\">Die Stadt Wei\u00dfenfels bedankt sich bei allen Sponsoren:<\/p>\n<ul>\n<li style=\"text-align: justify;\">Ambulantes Rehabilitationszentrum Wei\u00dfenfels GmbH<\/li>\n<li style=\"text-align: justify;\">Avendi Senioren Service Dessau GmbH<\/li>\n<li style=\"text-align: justify;\">Bauer Baumaschinenhandel GmbH<\/li>\n<li style=\"text-align: justify;\">BVS Tagewerben GmbH<\/li>\n<li style=\"text-align: justify;\">City-FitnessDRAK Chain GmbH<\/li>\n<li style=\"text-align: justify;\">Elmo Wei\u00dfenfels<\/li>\n<li style=\"text-align: justify;\">Baufinanzierung<\/li>\n<li style=\"text-align: justify;\">Gartenbaubetrieb K + K Wiegand GbR<\/li>\n<li style=\"text-align: justify;\">Geb\u00e4udereinigung Pusch GmbH<\/li>\n<li style=\"text-align: justify;\">Heiko Schulz Fliesenleger<\/li>\n<li style=\"text-align: justify;\">Helo GmbH<\/li>\n<li style=\"text-align: justify;\">JA Physio<\/li>\n<li style=\"text-align: justify;\">Kaminmarkt WSF UG<\/li>\n<li style=\"text-align: justify;\">KPR Rohrbau GbmH<\/li>\n<li style=\"text-align: justify;\">Liebeshaar<\/li>\n<li style=\"text-align: justify;\">Pflegeheim Christioph Buchen GmbH &amp; Co.KG<\/li>\n<li style=\"text-align: justify;\">Physiotherapie Barbara B\u00f6hme-Volkmar<\/li>\n<li style=\"text-align: justify;\">Raumkunst Malerfachbetrieb e.G.<\/li>\n<li style=\"text-align: justify;\">Roberto Spode Gas-Wasser-Installation Heizungstechnik<\/li>\n<li style=\"text-align: justify;\">Schunke KG<\/li>\n<li style=\"text-align: justify;\">Stadtwerke Wei\u00dfenfels GmbH<\/li>\n<li style=\"text-align: justify;\">S\u00fcdring D\u00f6ner<\/li>\n<li style=\"text-align: justify;\">Wei\u00dfenfelser Gastronomie Hotel GmbH\/ Hotel J\u00e4gerhof<\/li>\n<li style=\"text-align: justify;\">Wei\u00dfenfelser Maler GmbH<\/li>\n<li style=\"text-align: justify;\">Wei\u00dfenfelser Wach- und Sicherheitsdienst<\/li>\n<li style=\"text-align: justify;\">W\u00fcnschers Feldk\u00fcche<\/li>\n<\/ul>\n<p>[print_gllr id=8699]<\/p>\n<hr \/>\n<p>&nbsp;<\/p>\n","protected":false},"excerpt":{"rendered":"<p>Im Rahmen des Kinderfestes wurde am 3. Juni 2019 eine H\u00fcpfburg an die Freiwillige Feuerwehr Wei\u00dfenfels \u00fcberreicht. Dank der Unterst\u00fctzung &hellip; <span class=\"more-button\"><a href=\"https:\/\/feuerwehr-weissenfels.de\/?p=8698\" class=\"more-link\">Continue Reading<span class=\"screen-reader-text\">Eine H\u00fcpfburg f\u00fcr die Wei\u00dfenfelser Feuerwehr<\/span><\/a><\/span><\/p>\n","protected":false},"author":3,"featured_media":0,"comment_status":"open","ping_status":"open","sticky":false,"template":"","format":"standard","meta":[],"categories":[1],"tags":[],"_links":{"self":[{"href":"https:\/\/feuerwehr-weissenfels.de\/index.php?rest_route=\/wp\/v2\/posts\/8698"}],"collection":[{"href":"https:\/\/feuerwehr-weissenfels.de\/index.php?rest_route=\/wp\/v2\/posts"}],"about":[{"href":"https:\/\/feuerwehr-weissenfels.de\/index.php?rest_route=\/wp\/v2\/types\/post"}],"author":[{"embeddable":true,"href":"https:\/\/feuerwehr-weissenfels.de\/index.php?rest_route=\/wp\/v2\/users\/3"}],"replies":[{"embeddable":true,"href":"https:\/\/feuerwehr-weissenfels.de\/index.php?rest_route=%2Fwp%2Fv2%2Fcomments&post=8698"}],"version-history":[{"count":3,"href":"https:\/\/feuerwehr-weissenfels.de\/index.php?rest_route=\/wp\/v2\/posts\/8698\/revisions"}],"predecessor-version":[{"id":8731,"href":"https:\/\/feuerwehr-weissenfels.de\/index.php?rest_route=\/wp\/v2\/posts\/8698\/revisions\/8731"}],"wp:attachment":[{"href":"https:\/\/feuerwehr-weissenfels.de\/index.php?rest_route=%2Fwp%2Fv2%2Fmedia&parent=8698"}],"wp:term":[{"taxonomy":"category","embeddable":true,"href":"https:\/\/feuerwehr-weissenfels.de\/index.php?rest_route=%2Fwp%2Fv2%2Fcategories&post=8698"},{"taxonomy":"post_tag","embeddable":true,"href":"https:\/\/feuerwehr-weissenfels.de\/index.php?rest_route=%2Fwp%2Fv2%2Ftags&post=8698"}],"curies":[{"name":"wp","href":"https:\/\/api.w.org\/{rel}","templated":true}]}}