{"id":8870,"date":"2019-11-09T15:10:49","date_gmt":"2019-11-09T13:10:49","guid":{"rendered":"http:\/\/feuerwehr-weissenfels.de\/?p=8870"},"modified":"2019-11-09T15:11:42","modified_gmt":"2019-11-09T13:11:42","slug":"auch-am-wochenende-beschaeftigt","status":"publish","type":"post","link":"https:\/\/feuerwehr-weissenfels.de\/?p=8870","title":{"rendered":"Auch am Wochenende besch\u00e4ftigt"},"content":{"rendered":"<p style=\"text-align: justify;\">&#8230;sind unsere Kameraden Sven und Lars.<\/p>\n<p style=\"text-align: justify;\">Heute absolvierten die beiden den letzten Teil des Atemschutzger\u00e4tetr\u00e4ger-Lehrgangs, die Pr\u00fcfung.<\/p>\n<p style=\"text-align: justify;\">Gem\u00e4\u00df der Feuerwehr-Dienstvorschrift 2 verf\u00fcgen die beiden nun \u00fcber die abgeschlossene Truppmann-Ausbildung, Teil 1. Diese beinhaltet den Grundlehrgang (TM 1), eine Funkausbildung und eben die heute abgeschlossene AGT-Ausbildung.<\/p>\n<div class=\"text_exposed_show\">\n<p style=\"text-align: justify;\">Nun kann es f\u00fcr die beiden zur Truppmannausbildung, Teil 2 gehen.<\/p>\n<p style=\"text-align: justify;\">Wir begl\u00fcckw\u00fcnschen unsere beiden Quereinsteiger zur bestandenen Pr\u00fcfung und freuen uns \u00fcber eine weitere Erh\u00f6hung der Anzahl der Atemschutzger\u00e4tetr\u00e4ger in unseren Reihen! Nun kann es f\u00fcr sie im Einsatzfall \u201eins Feuer\u201c gehen.<\/p>\n<p>[print_gllr id=8871]<\/p>\n<p style=\"text-align: justify;\">Willst auch Du Quereinsteiger werden? Komm\u2018 vorbei: Dienstag ist Dienst-Tag, immer ab 18:30 Uhr auf der Feuerwache in der Leopold-Kell-Str. 14.<\/p>\n<p><a href=\"https:\/\/www.facebook.com\/notes\/freiwillige-feuerwehr-wei\u00dfenfels\/black-friday-oder-cyber-monday-gibts-bei-uns-nicht-das-gef\u00fchl-in-der-not-zu-helf\/1855812191101922\/\" target=\"_blank\" rel=\"noopener\"><img decoding=\"async\" loading=\"lazy\" class=\"aligncenter size-medium wp-image-8873\" src=\"https:\/\/feuerwehr-weissenfels.de\/wp-content\/uploads\/2019\/11\/Bildschirmfoto-2019-11-09-um-14.08.18-300x211.png\" alt=\"\" width=\"300\" height=\"211\" srcset=\"https:\/\/feuerwehr-weissenfels.de\/wp-content\/uploads\/2019\/11\/Bildschirmfoto-2019-11-09-um-14.08.18-300x211.png 300w, https:\/\/feuerwehr-weissenfels.de\/wp-content\/uploads\/2019\/11\/Bildschirmfoto-2019-11-09-um-14.08.18-768x539.png 768w, https:\/\/feuerwehr-weissenfels.de\/wp-content\/uploads\/2019\/11\/Bildschirmfoto-2019-11-09-um-14.08.18.png 876w\" sizes=\"(max-width: 300px) 100vw, 300px\" \/><\/a><\/p>\n<hr \/>\n<p>&nbsp;<\/p>\n<\/div>\n","protected":false},"excerpt":{"rendered":"<p>&#8230;sind unsere Kameraden Sven und Lars. Heute absolvierten die beiden den letzten Teil des Atemschutzger\u00e4tetr\u00e4ger-Lehrgangs, die Pr\u00fcfung. Gem\u00e4\u00df der Feuerwehr-Dienstvorschrift &hellip; <span class=\"more-button\"><a href=\"https:\/\/feuerwehr-weissenfels.de\/?p=8870\" class=\"more-link\">Continue Reading<span class=\"screen-reader-text\">Auch am Wochenende besch\u00e4ftigt<\/span><\/a><\/span><\/p>\n","protected":false},"author":3,"featured_media":0,"comment_status":"open","ping_status":"open","sticky":false,"template":"","format":"standard","meta":[],"categories":[1],"tags":[],"_links":{"self":[{"href":"https:\/\/feuerwehr-weissenfels.de\/index.php?rest_route=\/wp\/v2\/posts\/8870"}],"collection":[{"href":"https:\/\/feuerwehr-weissenfels.de\/index.php?rest_route=\/wp\/v2\/posts"}],"about":[{"href":"https:\/\/feuerwehr-weissenfels.de\/index.php?rest_route=\/wp\/v2\/types\/post"}],"author":[{"embeddable":true,"href":"https:\/\/feuerwehr-weissenfels.de\/index.php?rest_route=\/wp\/v2\/users\/3"}],"replies":[{"embeddable":true,"href":"https:\/\/feuerwehr-weissenfels.de\/index.php?rest_route=%2Fwp%2Fv2%2Fcomments&post=8870"}],"version-history":[{"count":3,"href":"https:\/\/feuerwehr-weissenfels.de\/index.php?rest_route=\/wp\/v2\/posts\/8870\/revisions"}],"predecessor-version":[{"id":8876,"href":"https:\/\/feuerwehr-weissenfels.de\/index.php?rest_route=\/wp\/v2\/posts\/8870\/revisions\/8876"}],"wp:attachment":[{"href":"https:\/\/feuerwehr-weissenfels.de\/index.php?rest_route=%2Fwp%2Fv2%2Fmedia&parent=8870"}],"wp:term":[{"taxonomy":"category","embeddable":true,"href":"https:\/\/feuerwehr-weissenfels.de\/index.php?rest_route=%2Fwp%2Fv2%2Fcategories&post=8870"},{"taxonomy":"post_tag","embeddable":true,"href":"https:\/\/feuerwehr-weissenfels.de\/index.php?rest_route=%2Fwp%2Fv2%2Ftags&post=8870"}],"curies":[{"name":"wp","href":"https:\/\/api.w.org\/{rel}","templated":true}]}}